{"id":4222,"date":"2013-11-19T09:30:45","date_gmt":"2013-11-19T07:30:45","guid":{"rendered":"http:\/\/www.lutzz.ch\/?p=4222"},"modified":"2013-11-19T01:26:33","modified_gmt":"2013-11-18T23:26:33","slug":"die-gurtellinie-des-guten-geschmacks-2","status":"publish","type":"post","link":"https:\/\/www.lutzz.ch\/?p=4222","title":{"rendered":"Die G\u00fcrtellinie des guten Geschmacks (2)"},"content":{"rendered":"<p>Wie <a href=\"http:\/\/www.lutzz.ch\/?p=4190\" target=\"_blank\">hier<\/a> am 28.10. bereits bekannt wurde, waren in betreffender Sendung Mike Bader und Sascha Antenen als Gespr\u00e4chsg\u00e4ste mitwirkend, die vor Beginn der Diskussion erkl\u00e4rten, wie und warum sie in ihre jeweilige Partei gefunden haben. So (oder ungef\u00e4hr so (Auszug geschnitten)) stellten sich die beiden lustigen Jungpolitiker vor:<\/p>\n<h3><a href=\"http:\/\/www.lutzz.ch\/music\/humorradio\/AW_Vorstellung_Gaeste.mp3\" target=\"_blank\">Vorstellung G\u00e4ste<\/a><\/h3>\n<div class=\"powerpress_player\" id=\"powerpress_player_7302\"><!--[if lt IE 9]><script>document.createElement('audio');<\/script><![endif]-->\n<audio class=\"wp-audio-shortcode\" id=\"audio-4222-1\" preload=\"none\" style=\"width: 100%;\" controls=\"controls\"><source type=\"audio\/mpeg\" src=\"http:\/\/www.lutzz.ch\/music\/humorradio\/AW_Vorstellung_Gaeste.mp3?_=1\" \/><a href=\"http:\/\/www.lutzz.ch\/music\/humorradio\/AW_Vorstellung_Gaeste.mp3\">http:\/\/www.lutzz.ch\/music\/humorradio\/AW_Vorstellung_Gaeste.mp3<\/a><\/audio><\/div><p class=\"powerpress_links powerpress_links_mp3\" style=\"margin-bottom: 1px !important;\">Podcast: <a href=\"http:\/\/www.lutzz.ch\/music\/humorradio\/AW_Vorstellung_Gaeste.mp3\" class=\"powerpress_link_pinw\" target=\"_blank\" title=\"Play in new window\" onclick=\"return powerpress_pinw('https:\/\/www.lutzz.ch\/?powerpress_pinw=4222-podcast');\" rel=\"nofollow\">Play in new window<\/a> | <a href=\"http:\/\/www.lutzz.ch\/music\/humorradio\/AW_Vorstellung_Gaeste.mp3\" class=\"powerpress_link_d\" title=\"Download\" rel=\"nofollow\" download=\"AW_Vorstellung_Gaeste.mp3\">Download<\/a><\/p><p class=\"powerpress_links powerpress_subscribe_links\">Subscribe: <a href=\"https:\/\/www.lutzz.ch\/?feed=podcast\" class=\"powerpress_link_subscribe powerpress_link_subscribe_rss\" target=\"_blank\" title=\"Subscribe via RSS\" rel=\"nofollow\">RSS<\/a><\/p>","protected":false},"excerpt":{"rendered":"<p>Wie hier am 28.10. bereits bekannt wurde, waren in betreffender Sendung Mike Bader und Sascha Antenen als Gespr\u00e4chsg\u00e4ste mitwirkend, die vor Beginn der Diskussion erkl\u00e4rten, wie und warum sie in ihre jeweilige Partei gefunden haben. So (oder ungef\u00e4hr so (Auszug &hellip; <a href=\"https:\/\/www.lutzz.ch\/?p=4222\">Continue reading <span class=\"meta-nav\">&rarr;<\/span><\/a><\/p>\n","protected":false},"author":1,"featured_media":0,"comment_status":"open","ping_status":"closed","sticky":false,"template":"","format":"standard","meta":{"footnotes":""},"categories":[5,11],"tags":[],"class_list":["post-4222","post","type-post","status-publish","format-standard","hentry","category-blog","category-zz-radio"],"_links":{"self":[{"href":"https:\/\/www.lutzz.ch\/index.php?rest_route=\/wp\/v2\/posts\/4222","targetHints":{"allow":["GET"]}}],"collection":[{"href":"https:\/\/www.lutzz.ch\/index.php?rest_route=\/wp\/v2\/posts"}],"about":[{"href":"https:\/\/www.lutzz.ch\/index.php?rest_route=\/wp\/v2\/types\/post"}],"author":[{"embeddable":true,"href":"https:\/\/www.lutzz.ch\/index.php?rest_route=\/wp\/v2\/users\/1"}],"replies":[{"embeddable":true,"href":"https:\/\/www.lutzz.ch\/index.php?rest_route=%2Fwp%2Fv2%2Fcomments&post=4222"}],"version-history":[{"count":6,"href":"https:\/\/www.lutzz.ch\/index.php?rest_route=\/wp\/v2\/posts\/4222\/revisions"}],"predecessor-version":[{"id":4228,"href":"https:\/\/www.lutzz.ch\/index.php?rest_route=\/wp\/v2\/posts\/4222\/revisions\/4228"}],"wp:attachment":[{"href":"https:\/\/www.lutzz.ch\/index.php?rest_route=%2Fwp%2Fv2%2Fmedia&parent=4222"}],"wp:term":[{"taxonomy":"category","embeddable":true,"href":"https:\/\/www.lutzz.ch\/index.php?rest_route=%2Fwp%2Fv2%2Fcategories&post=4222"},{"taxonomy":"post_tag","embeddable":true,"href":"https:\/\/www.lutzz.ch\/index.php?rest_route=%2Fwp%2Fv2%2Ftags&post=4222"}],"curies":[{"name":"wp","href":"https:\/\/api.w.org\/{rel}","templated":true}]}}