{"id":1753,"date":"2010-05-08T01:00:33","date_gmt":"2010-05-07T23:00:33","guid":{"rendered":"http:\/\/www.lutzz.ch\/?p=1753"},"modified":"2010-05-08T00:45:22","modified_gmt":"2010-05-07T22:45:22","slug":"die-grossen-probleme-unserer-zeit","status":"publish","type":"post","link":"https:\/\/www.lutzz.ch\/?p=1753","title":{"rendered":"Die grossen Probleme unserer Zeit"},"content":{"rendered":"<p>Gut, gibt es sie. Politiker mit Weitsicht. Als Paradebeispiel f\u00fcr einen solchen muss man wohl den FDP-Nationalrat Philipp M\u00fcller bezeichnen. Mit weiser Voraussicht gibt er zu bedenken, dass das Tragen von Burkas jetzt verboten werden m\u00fcsse, bevor &#171;10&#8217;000 solcher Leute in der Schweiz herumlaufen&#187;.<\/p>\n<p>Eine Denkweise, die sich hierzulande &#171;liberal&#187; nennt. Zukunftsorientiert und pragmatisch. Die Freiheit in den Mittelpunkt stellend. Die Freiheit, als Mehrheit \u00fcber Minderheiten bestimmen zu k\u00f6nnen. Die Freiheit, Freiheit neu zu definieren. Die Freiheit, festzulegen, wer denn von so einer Freiheit \u00fcberhaupt Gebrauch machen darf. Ein relativ freier Freiheitsbegriff also.<\/p>\n<p>Auf den ersten Blick mag das auch irgendwie zusammenpassen. Man gibt der zuvor verschleierten Frau die Freiheit, sich in der \u00d6ffentlichkeit leicht freiz\u00fcgiger gekleidet pr\u00e4sentieren zu k\u00f6nnen &#8211; oder aber eben, zu m\u00fcssen. Abgesehen davon, dass es darum wohl nur vordergr\u00fcndig geht, kann dem Gesetzgeber nicht bekannt sein, ob jemand eine Burka zwangsweise oder freiwillig tr\u00e4gt.<\/p>\n<p>Sollten wir als Stimmvolk aber erneut \u00e4hnlich schlau handeln, wie letzten November, falls es wieder an uns liegen sollte, so w\u00e4re ich schon der Meinung, dass es das Konzept konsequent durchzuziehen g\u00e4lte. Konkret: Verbot von enganliegender Kleidung f\u00fcr Personen ab 150 Kilogramm K\u00f6rpergewicht. Verbot von R\u00f6cken, welche nicht zumindest die Knie bedecken, f\u00fcr M\u00e4dchen unter 16 Jahren. Tragverbot pinkfarbener Kleidung f\u00fcr Herren, Violettes bewilligungspflichtig. Denn &#171;es geh\u00f6rt sich doch einfach nicht&#187;.<\/p>\n<p><object data=\"http:\/\/www.sf.tv\/videoplayer\/embed\/9f05a520-20a4-4969-bac2-bb0f839d526c\" type=\"application\/x-shockwave-flash\" style=\"width:640px;height:386px\"><param name=\"movie\" value=\"http:\/\/www.sf.tv\/videoplayer\/embed\/9f05a520-20a4-4969-bac2-bb0f839d526c\"\/><param name=\"quality\" value=\"high\" \/><param name=\"allowFullScreen\" value=\"true\" \/><a href=\"http:\/\/videoportal.sf.tv\/video?id=9f05a520-20a4-4969-bac2-bb0f839d526c\" alt=\"zum Videoportal des Schweizer Fernsehens\">10vor10 vom 04.05.2010<\/a><\/object><\/p>\n","protected":false},"excerpt":{"rendered":"<p>Gut, gibt es sie. Politiker mit Weitsicht. Als Paradebeispiel f\u00fcr einen solchen muss man wohl den FDP-Nationalrat Philipp M\u00fcller bezeichnen. Mit weiser Voraussicht gibt er zu bedenken, dass das Tragen von Burkas jetzt verboten werden m\u00fcsse, bevor &#171;10&#8217;000 solcher Leute &hellip; <a href=\"https:\/\/www.lutzz.ch\/?p=1753\">Continue reading <span class=\"meta-nav\">&rarr;<\/span><\/a><\/p>\n","protected":false},"author":5,"featured_media":0,"comment_status":"open","ping_status":"open","sticky":false,"template":"","format":"standard","meta":{"footnotes":""},"categories":[5],"tags":[],"class_list":["post-1753","post","type-post","status-publish","format-standard","hentry","category-blog"],"_links":{"self":[{"href":"https:\/\/www.lutzz.ch\/index.php?rest_route=\/wp\/v2\/posts\/1753","targetHints":{"allow":["GET"]}}],"collection":[{"href":"https:\/\/www.lutzz.ch\/index.php?rest_route=\/wp\/v2\/posts"}],"about":[{"href":"https:\/\/www.lutzz.ch\/index.php?rest_route=\/wp\/v2\/types\/post"}],"author":[{"embeddable":true,"href":"https:\/\/www.lutzz.ch\/index.php?rest_route=\/wp\/v2\/users\/5"}],"replies":[{"embeddable":true,"href":"https:\/\/www.lutzz.ch\/index.php?rest_route=%2Fwp%2Fv2%2Fcomments&post=1753"}],"version-history":[{"count":7,"href":"https:\/\/www.lutzz.ch\/index.php?rest_route=\/wp\/v2\/posts\/1753\/revisions"}],"predecessor-version":[{"id":1762,"href":"https:\/\/www.lutzz.ch\/index.php?rest_route=\/wp\/v2\/posts\/1753\/revisions\/1762"}],"wp:attachment":[{"href":"https:\/\/www.lutzz.ch\/index.php?rest_route=%2Fwp%2Fv2%2Fmedia&parent=1753"}],"wp:term":[{"taxonomy":"category","embeddable":true,"href":"https:\/\/www.lutzz.ch\/index.php?rest_route=%2Fwp%2Fv2%2Fcategories&post=1753"},{"taxonomy":"post_tag","embeddable":true,"href":"https:\/\/www.lutzz.ch\/index.php?rest_route=%2Fwp%2Fv2%2Ftags&post=1753"}],"curies":[{"name":"wp","href":"https:\/\/api.w.org\/{rel}","templated":true}]}}